{"id":130,"date":"2024-12-05T09:20:43","date_gmt":"2024-12-05T09:20:43","guid":{"rendered":"https:\/\/consorziobocche.com\/spiagge-bandiera-blu-sardegna-2023\/"},"modified":"2024-12-05T09:22:17","modified_gmt":"2024-12-05T09:22:17","slug":"plages-de-sardaigne-labellisees-drapeau-bleu-en-2023","status":"publish","type":"post","link":"https:\/\/www.consorziobocche.com\/fr\/plages-de-sardaigne-labellisees-drapeau-bleu-en-2023\/","title":{"rendered":"Plages drapeau bleu de Sardaigne 2023"},"content":{"rendered":"<div data-elementor-type=\"wp-post\" data-elementor-id=\"130\" class=\"elementor elementor-130\" data-elementor-post-type=\"post\">\n\t\t\t\t\t\t<section class=\"elementor-section elementor-top-section elementor-element elementor-element-2aa90665 elementor-section-boxed elementor-section-height-default elementor-section-height-default\" data-id=\"2aa90665\" data-element_type=\"section\" data-settings=\"{&quot;jet_parallax_layout_list&quot;:[]}\">\n\t\t\t\t\t\t<div class=\"elementor-container elementor-column-gap-default\">\n\t\t\t\t\t<div class=\"elementor-column elementor-col-100 elementor-top-column elementor-element elementor-element-3680d49f\" data-id=\"3680d49f\" data-element_type=\"column\">\n\t\t\t<div class=\"elementor-widget-wrap elementor-element-populated\">\n\t\t\t\t\t\t\t<\/div>\n\t\t<\/div>\n\t\t\t\t\t<\/div>\n\t\t<\/section>\n\t\t\t\t<section class=\"elementor-section elementor-top-section elementor-element elementor-element-8d3c18f elementor-section-boxed elementor-section-height-default elementor-section-height-default\" data-id=\"8d3c18f\" data-element_type=\"section\" data-settings=\"{&quot;jet_parallax_layout_list&quot;:[]}\">\n\t\t\t\t\t\t<div class=\"elementor-container elementor-column-gap-default\">\n\t\t\t\t\t<div class=\"elementor-column elementor-col-100 elementor-top-column elementor-element elementor-element-5cc58d50\" data-id=\"5cc58d50\" data-element_type=\"column\">\n\t\t\t<div class=\"elementor-widget-wrap elementor-element-populated\">\n\t\t\t\t\t\t<div class=\"elementor-element elementor-element-809ff2b elementor-widget elementor-widget-heading\" data-id=\"809ff2b\" data-element_type=\"widget\" data-widget_type=\"heading.default\">\n\t\t\t\t<div class=\"elementor-widget-container\">\n\t\t\t\t\t<h2 class=\"elementor-heading-title elementor-size-default\">Qu'est-ce que le programme Pavillon bleu ?<\/h2>\t\t\t\t<\/div>\n\t\t\t\t<\/div>\n\t\t\t\t<div class=\"elementor-element elementor-element-14e4a1ae elementor-widget elementor-widget-image\" data-id=\"14e4a1ae\" data-element_type=\"widget\" data-widget_type=\"image.default\">\n\t\t\t\t<div class=\"elementor-widget-container\">\n\t\t\t\t\t\t\t\t\t\t\t\t<figure class=\"wp-caption\">\n\t\t\t\t\t\t\t\t\t\t\t<a href=\"http:\/\/consorziobocche.com\/wp-content\/uploads\/2024\/12\/Logo_Bandiera_blu.gif\" data-elementor-open-lightbox=\"yes\" data-elementor-lightbox-title=\"Logo_Bandiera_blu.gif\" data-e-action-hash=\"#elementor-action%3Aaction%3Dlightbox%26settings%3DeyJpZCI6MTMxLCJ1cmwiOiJodHRwczpcL1wvd3d3LmNvbnNvcnppb2JvY2NoZS5jb21cL3dwLWNvbnRlbnRcL3VwbG9hZHNcLzIwMjRcLzEyXC9Mb2dvX0JhbmRpZXJhX2JsdS5naWYifQ%3D%3D\">\n\t\t\t\t\t\t\t<img fetchpriority=\"high\" decoding=\"async\" width=\"253\" height=\"203\" src=\"https:\/\/www.consorziobocche.com\/wp-content\/uploads\/2024\/12\/Logo_Bandiera_blu.gif\" class=\"attachment-large size-large wp-image-131\" alt=\"\" title=\"\">\t\t\t\t\t\t\t\t<\/a>\n\t\t\t\t\t\t\t\t\t\t\t<figcaption class=\"widget-image-caption wp-caption-text\"><\/figcaption>\n\t\t\t\t\t\t\t\t\t\t<\/figure>\n\t\t\t\t\t\t\t\t\t<\/div>\n\t\t\t\t<\/div>\n\t\t\t\t<div class=\"elementor-element elementor-element-7c4974d9 elementor-widget elementor-widget-text-editor\" data-id=\"7c4974d9\" data-element_type=\"widget\" data-widget_type=\"text-editor.default\">\n\t\t\t\t<div class=\"elementor-widget-container\">\n\t\t\t\t\t\t\t\t\t<p>Le programme \"Pavillon bleu\" est une r\u00e9compense internationale d\u00e9cern\u00e9e aux plages, aux ports de plaisance et aux bateaux qui r\u00e9pondent \u00e0 certains crit\u00e8res de qualit\u00e9 environnementale, de s\u00e9curit\u00e9, de services et de gestion durable. Le programme est g\u00e9r\u00e9 par le <a href=\"https:\/\/www.feeitalia.org\/\" target=\"_blank\" rel=\"noopener nofollow\">Fondation pour l'\u00e9ducation \u00e0 l'environnement<\/a> (FEE), une organisation \u00e0 but non lucratif bas\u00e9e au Danemark, et est d\u00e9cern\u00e9 chaque ann\u00e9e au niveau mondial.<\/p><p>Les principales zones couvertes par le programme Pavillon bleu sont les suivantes<\/p><ol><li><p><strong>Plages :<\/strong>\u00a0Les plages arborant le drapeau bleu se caract\u00e9risent par la propret\u00e9 de l'eau, la gestion durable des ressources naturelles, l'accessibilit\u00e9 pour tous et des conditions d'hygi\u00e8ne et de s\u00e9curit\u00e9 ad\u00e9quates.<\/p><\/li><li><p><strong>Marinas :<\/strong>\u00a0Les ports de plaisance peuvent \u00e9galement se voir d\u00e9cerner le pavillon bleu s'ils font preuve de normes \u00e9lev\u00e9es en mati\u00e8re de gestion environnementale, de s\u00e9curit\u00e9 des bateaux, de services et de promotion des pratiques durables.<\/p><\/li><li><p><strong>Bateaux :<\/strong>\u00a0Certains pays autorisent \u00e9galement les bateaux, tels que les voiliers et les yachts, \u00e0 recevoir le pavillon bleu s'ils r\u00e9pondent \u00e0 des crit\u00e8res sp\u00e9cifiques de durabilit\u00e9 et de s\u00e9curit\u00e9.<\/p><\/li><\/ol>\t\t\t\t\t\t\t\t<\/div>\n\t\t\t\t<\/div>\n\t\t\t\t<div class=\"elementor-element elementor-element-5499d370 elementor-align-left elementor-widget elementor-widget-button\" data-id=\"5499d370\" data-element_type=\"widget\" data-widget_type=\"button.default\">\n\t\t\t\t<div class=\"elementor-widget-container\">\n\t\t\t\t\t\t\t\t\t<div class=\"elementor-button-wrapper\">\n\t\t\t\t\t<a class=\"elementor-button elementor-button-link elementor-size-sm\" href=\"https:\/\/www.consorziobocche.com\/fr\/excursions-en-bateau\/excursion-en-bateau-la-maddalena\/\">\n\t\t\t\t\t\t<span class=\"elementor-button-content-wrapper\">\n\t\t\t\t\t\t<span class=\"elementor-button-icon\">\n\t\t\t\t<svg aria-hidden=\"true\" class=\"e-font-icon-svg e-fas-link\" viewbox=\"0 0 512 512\" xmlns=\"http:\/\/www.w3.org\/2000\/svg\"><path d=\"M326.612 185.391c59.747 59.809 58.927 155.698.36 214.59-.11.12-.24.25-.36.37l-67.2 67.2c-59.27 59.27-155.699 59.262-214.96 0-59.27-59.26-59.27-155.7 0-214.96l37.106-37.106c9.84-9.84 26.786-3.3 27.294 10.606.648 17.722 3.826 35.527 9.69 52.721 1.986 5.822.567 12.262-3.783 16.612l-13.087 13.087c-28.026 28.026-28.905 73.66-1.155 101.96 28.024 28.579 74.086 28.749 102.325.51l67.2-67.19c28.191-28.191 28.073-73.757 0-101.83-3.701-3.694-7.429-6.564-10.341-8.569a16.037 16.037 0 0 1-6.947-12.606c-.396-10.567 3.348-21.456 11.698-29.806l21.054-21.055c5.521-5.521 14.182-6.199 20.584-1.731a152.482 152.482 0 0 1 20.522 17.197zM467.547 44.449c-59.261-59.262-155.69-59.27-214.96 0l-67.2 67.2c-.12.12-.25.25-.36.37-58.566 58.892-59.387 154.781.36 214.59a152.454 152.454 0 0 0 20.521 17.196c6.402 4.468 15.064 3.789 20.584-1.731l21.054-21.055c8.35-8.35 12.094-19.239 11.698-29.806a16.037 16.037 0 0 0-6.947-12.606c-2.912-2.005-6.64-4.875-10.341-8.569-28.073-28.073-28.191-73.639 0-101.83l67.2-67.19c28.239-28.239 74.3-28.069 102.325.51 27.75 28.3 26.872 73.934-1.155 101.96l-13.087 13.087c-4.35 4.35-5.769 10.79-3.783 16.612 5.864 17.194 9.042 34.999 9.69 52.721.509 13.906 17.454 20.446 27.294 10.606l37.106-37.106c59.271-59.259 59.271-155.699.001-214.959z\"><\/path><\/svg>\t\t\t<\/span>\n\t\t\t\t\t\t\t\t\t<span class=\"elementor-button-text\">excursions La Maddalena<\/span>\n\t\t\t\t\t<\/span>\n\t\t\t\t\t<\/a>\n\t\t\t\t<\/div>\n\t\t\t\t\t\t\t\t<\/div>\n\t\t\t\t<\/div>\n\t\t\t\t\t<\/div>\n\t\t<\/div>\n\t\t\t\t\t<\/div>\n\t\t<\/section>\n\t\t\t\t<section class=\"elementor-section elementor-top-section elementor-element elementor-element-1688105d elementor-section-boxed elementor-section-height-default elementor-section-height-default\" data-id=\"1688105d\" data-element_type=\"section\" data-settings=\"{&quot;jet_parallax_layout_list&quot;:[]}\">\n\t\t\t\t\t\t<div class=\"elementor-container elementor-column-gap-default\">\n\t\t\t\t\t<div class=\"elementor-column elementor-col-100 elementor-top-column elementor-element elementor-element-582b0825\" data-id=\"582b0825\" data-element_type=\"column\">\n\t\t\t<div class=\"elementor-widget-wrap elementor-element-populated\">\n\t\t\t\t\t\t<div class=\"elementor-element elementor-element-7fda95a6 elementor-widget elementor-widget-heading\" data-id=\"7fda95a6\" data-element_type=\"widget\" data-widget_type=\"heading.default\">\n\t\t\t\t<div class=\"elementor-widget-container\">\n\t\t\t\t\t<h3 class=\"elementor-heading-title elementor-size-default\">Quelles sont les conditions d'obtention d'un pavillon bleu ?<\/h3>\t\t\t\t<\/div>\n\t\t\t\t<\/div>\n\t\t\t\t<div class=\"elementor-element elementor-element-49c28935 elementor-widget elementor-widget-text-editor\" data-id=\"49c28935\" data-element_type=\"widget\" data-widget_type=\"text-editor.default\">\n\t\t\t\t<div class=\"elementor-widget-container\">\n\t\t\t\t\t\t\t\t\t<div><p>L'<a href=\"http:\/\/www.bandierablu.org\/common\/criteri.asp?tipo=bb\" target=\"_blank\" rel=\"noopener nofollow\">l'attribution du pavillon bleu<\/a> est bas\u00e9 sur une trentaine de param\u00e8tres, dont<\/p><\/div><ul><li>qualit\u00e9 de l'eau<\/li><li>gestion des d\u00e9chets<\/li><li>la pr\u00e9servation de l'environnement<\/li><li>l'accessibilit\u00e9<\/li><li>s\u00e9curit\u00e9<\/li><li>l'\u00e9ducation \u00e0 l'environnement.<\/li><\/ul><p><br \/>Le <strong>Plages labellis\u00e9es Pavillon bleu<\/strong> faire preuve d'un engagement en faveur de la protection de l'environnement marin et c\u00f4tier, en contribuant au tourisme durable et \u00e0 la promotion de pratiques respectueuses des \u00e9cosyst\u00e8mes.<\/p><div><div>Chaque ann\u00e9e, les crit\u00e8res du pavillon bleu sont revus et mis \u00e0 jour afin de refl\u00e9ter les d\u00e9veloppements en mati\u00e8re d'\u00e9cologie, d'environnement marin et de bonnes pratiques de gestion.<\/div><\/div>\t\t\t\t\t\t\t\t<\/div>\n\t\t\t\t<\/div>\n\t\t\t\t\t<\/div>\n\t\t<\/div>\n\t\t\t\t\t<\/div>\n\t\t<\/section>\n\t\t\t\t<section class=\"elementor-section elementor-top-section elementor-element elementor-element-7cd3a31d elementor-section-boxed elementor-section-height-default elementor-section-height-default\" data-id=\"7cd3a31d\" data-element_type=\"section\" data-settings=\"{&quot;jet_parallax_layout_list&quot;:[]}\">\n\t\t\t\t\t\t<div class=\"elementor-container elementor-column-gap-default\">\n\t\t\t\t\t<div class=\"elementor-column elementor-col-100 elementor-top-column elementor-element elementor-element-28f65cb2\" data-id=\"28f65cb2\" data-element_type=\"column\">\n\t\t\t<div class=\"elementor-widget-wrap elementor-element-populated\">\n\t\t\t\t\t\t<div class=\"elementor-element elementor-element-58f421e elementor-widget elementor-widget-heading\" data-id=\"58f421e\" data-element_type=\"widget\" data-widget_type=\"heading.default\">\n\t\t\t\t<div class=\"elementor-widget-container\">\n\t\t\t\t\t<h2 class=\"elementor-heading-title elementor-size-default\">Plages Pavillon Bleu en Sardaigne : qu'est-ce que c'est ?<\/h2>\t\t\t\t<\/div>\n\t\t\t\t<\/div>\n\t\t\t\t<div class=\"elementor-element elementor-element-7a9f62a8 elementor-widget elementor-widget-text-editor\" data-id=\"7a9f62a8\" data-element_type=\"widget\" data-widget_type=\"text-editor.default\">\n\t\t\t\t<div class=\"elementor-widget-container\">\n\t\t\t\t\t\t\t\t\t<p>Plusieurs plages de Sardaigne ont \u00e9t\u00e9 r\u00e9compens\u00e9es cette ann\u00e9e encore par le Pavillon bleu.<\/p>\t\t\t\t\t\t\t\t<\/div>\n\t\t\t\t<\/div>\n\t\t\t\t\t<\/div>\n\t\t<\/div>\n\t\t\t\t\t<\/div>\n\t\t<\/section>\n\t\t\t\t<section class=\"elementor-section elementor-top-section elementor-element elementor-element-528ce62d elementor-section-boxed elementor-section-height-default elementor-section-height-default\" data-id=\"528ce62d\" data-element_type=\"section\" data-settings=\"{&quot;jet_parallax_layout_list&quot;:[]}\">\n\t\t\t\t\t\t<div class=\"elementor-container elementor-column-gap-default\">\n\t\t\t\t\t<div class=\"elementor-column elementor-col-100 elementor-top-column elementor-element elementor-element-6e400937\" data-id=\"6e400937\" data-element_type=\"column\">\n\t\t\t<div class=\"elementor-widget-wrap elementor-element-populated\">\n\t\t\t\t\t\t<div class=\"elementor-element elementor-element-5306f07e elementor-widget elementor-widget-image\" data-id=\"5306f07e\" data-element_type=\"widget\" data-widget_type=\"image.default\">\n\t\t\t\t<div class=\"elementor-widget-container\">\n\t\t\t\t\t\t\t\t\t\t\t\t<figure class=\"wp-caption\">\n\t\t\t\t\t\t\t\t\t\t\t<a href=\"http:\/\/consorziobocche.com\/wp-content\/uploads\/2024\/12\/Spiaggia-Valle-dell-Erica-Santa-Teresa-Gallura.jpg\" data-elementor-open-lightbox=\"yes\" data-elementor-lightbox-title=\"Spiaggia-Valle-dell-Erica-Santa-Teresa-Gallura.jpg\" data-e-action-hash=\"#elementor-action%3Aaction%3Dlightbox%26settings%3DeyJpZCI6MTMyLCJ1cmwiOiJodHRwczpcL1wvd3d3LmNvbnNvcnppb2JvY2NoZS5jb21cL3dwLWNvbnRlbnRcL3VwbG9hZHNcLzIwMjRcLzEyXC9TcGlhZ2dpYS1WYWxsZS1kZWxsLUVyaWNhLVNhbnRhLVRlcmVzYS1HYWxsdXJhLmpwZyJ9\">\n\t\t\t\t\t\t\t<img decoding=\"async\" width=\"800\" height=\"347\" src=\"https:\/\/www.consorziobocche.com\/wp-content\/uploads\/2024\/12\/Spiaggia-Valle-dell-Erica-Santa-Teresa-Gallura-1024x444.jpg\" class=\"attachment-large size-large wp-image-132\" alt=\"\" srcset=\"https:\/\/www.consorziobocche.com\/wp-content\/uploads\/2024\/12\/Spiaggia-Valle-dell-Erica-Santa-Teresa-Gallura-1024x444.jpg.webp 1024w, https:\/\/www.consorziobocche.com\/wp-content\/uploads\/2024\/12\/Spiaggia-Valle-dell-Erica-Santa-Teresa-Gallura-300x130.jpg.webp 300w, https:\/\/www.consorziobocche.com\/wp-content\/uploads\/2024\/12\/Spiaggia-Valle-dell-Erica-Santa-Teresa-Gallura-768x333.jpg.webp 768w, https:\/\/www.consorziobocche.com\/wp-content\/uploads\/2024\/12\/Spiaggia-Valle-dell-Erica-Santa-Teresa-Gallura.jpg.webp 1200w\" sizes=\"(max-width: 800px) 100vw, 800px\" title=\"\">\t\t\t\t\t\t\t\t<\/a>\n\t\t\t\t\t\t\t\t\t\t\t<figcaption class=\"widget-image-caption wp-caption-text\"><\/figcaption>\n\t\t\t\t\t\t\t\t\t\t<\/figure>\n\t\t\t\t\t\t\t\t\t<\/div>\n\t\t\t\t<\/div>\n\t\t\t\t\t<\/div>\n\t\t<\/div>\n\t\t\t\t\t<\/div>\n\t\t<\/section>\n\t\t\t\t<section class=\"elementor-section elementor-top-section elementor-element elementor-element-16994224 elementor-section-boxed elementor-section-height-default elementor-section-height-default\" data-id=\"16994224\" data-element_type=\"section\" data-settings=\"{&quot;jet_parallax_layout_list&quot;:[]}\">\n\t\t\t\t\t\t<div class=\"elementor-container elementor-column-gap-default\">\n\t\t\t\t\t<div class=\"elementor-column elementor-col-100 elementor-top-column elementor-element elementor-element-167c326c\" data-id=\"167c326c\" data-element_type=\"column\">\n\t\t\t<div class=\"elementor-widget-wrap elementor-element-populated\">\n\t\t\t\t\t\t<div class=\"elementor-element elementor-element-68e526f2 elementor-widget elementor-widget-heading\" data-id=\"68e526f2\" data-element_type=\"widget\" data-widget_type=\"heading.default\">\n\t\t\t\t<div class=\"elementor-widget-container\">\n\t\t\t\t\t<h3 class=\"elementor-heading-title elementor-size-default\">Plages Pavillon Bleu de Sassari et environs<\/h3>\t\t\t\t<\/div>\n\t\t\t\t<\/div>\n\t\t\t\t<div class=\"elementor-element elementor-element-7243fda2 elementor-widget elementor-widget-text-editor\" data-id=\"7243fda2\" data-element_type=\"widget\" data-widget_type=\"text-editor.default\">\n\t\t\t\t<div class=\"elementor-widget-container\">\n\t\t\t\t\t\t\t\t\t<ul><li>Badesi - Li Junchi, Li Mindi, Baia delle Mimose-Pirotto Li Frati, Lu Poltu Biancu<\/li><li>Castelsardo - Sacro Cuore \/ Ampurias, Madonnina \/ Stella Maris, Ex Palazzo Americani<\/li><li>Sorso - Spiaggia della Marina, Marina di Sorso (quatri\u00e8me\/cinqui\u00e8me\/septi\u00e8me peigne)<\/li><li>Sassari - Porto Ferro, Porto Palmas, Platamona Rotonda<\/li><li><strong>Santa Teresa Gallura<\/strong> - Rena Ponente (Loc. Capo Testa), Rena Bianca, Zia Culumba (Loc. Capo Testa, Rena di Levante), La Taltana- Santa Reparata, Conca Verde<\/li><li>Aglientu - Vignola Mare, Rena Majore, Lu Chiscinagghju<\/li><li>Trinit\u00e0 d'Agultu e Vignola - La Marinedda, Cala Sarraina, Spiaggia Lunga Isola Rossa<\/li><li><strong>La Maddalena<\/strong> - Tegge, Monti D'a Rena, Bassa Trinit\u00e0, Porto Lungo, Spalmatore, Caprera Relitto, Caprera Due Mari<\/li><li><strong>Palau<\/strong> - Palau Vecchio, Isolotto<\/li><li>Budoni - Baie de Budoni<\/li><\/ul>\t\t\t\t\t\t\t\t<\/div>\n\t\t\t\t<\/div>\n\t\t\t\t\t<\/div>\n\t\t<\/div>\n\t\t\t\t\t<\/div>\n\t\t<\/section>\n\t\t\t\t<section class=\"elementor-section elementor-top-section elementor-element elementor-element-6e09bb7e elementor-section-boxed elementor-section-height-default elementor-section-height-default\" data-id=\"6e09bb7e\" data-element_type=\"section\" data-settings=\"{&quot;jet_parallax_layout_list&quot;:[]}\">\n\t\t\t\t\t\t<div class=\"elementor-container elementor-column-gap-default\">\n\t\t\t\t\t<div class=\"elementor-column elementor-col-100 elementor-top-column elementor-element elementor-element-5b2a8562\" data-id=\"5b2a8562\" data-element_type=\"column\">\n\t\t\t<div class=\"elementor-widget-wrap elementor-element-populated\">\n\t\t\t\t\t\t<div class=\"elementor-element elementor-element-26b73833 elementor-widget elementor-widget-heading\" data-id=\"26b73833\" data-element_type=\"widget\" data-widget_type=\"heading.default\">\n\t\t\t\t<div class=\"elementor-widget-container\">\n\t\t\t\t\t<h3 class=\"elementor-heading-title elementor-size-default\">Plages drapeau bleu Oristano, Nuoro et Cagliari<\/h3>\t\t\t\t<\/div>\n\t\t\t\t<\/div>\n\t\t\t\t<div class=\"elementor-element elementor-element-a28b82a elementor-widget elementor-widget-text-editor\" data-id=\"a28b82a\" data-element_type=\"widget\" data-widget_type=\"text-editor.default\">\n\t\t\t\t<div class=\"elementor-widget-container\">\n\t\t\t\t\t\t\t\t\t<p><strong>ORISTANO<\/strong><\/p><ul><li>Oristano - Torregrande<\/li><\/ul><p><strong>NUORO<\/strong><\/p><ul><li>Tortol\u00ec - Lido di Cea, Lido di Orr\u00ec (plages I et II), Mux\u00ec (Il Golfetto), Orr\u00ec Foxilioni, Ponente (connue sous le nom de \"La Capannina\"), Porto Frailis, San Gemiliano<\/li><li>Bari Sardo - Bucca 'e Strumpu\/Torre di Bar\u00ec\/Sa Marina<\/li><\/ul><p><strong>CAGLIARI<\/strong><\/p><ul><li>Quartu Sant'Elena - Mare Pintau<\/li><\/ul><p><strong>SARDINIE DU SUD<\/strong><\/p><ul><li>Sant'Antioco - Maladroxia\/Coacuaddus<\/li><\/ul>\t\t\t\t\t\t\t\t<\/div>\n\t\t\t\t<\/div>\n\t\t\t\t<div class=\"elementor-element elementor-element-64953d34 elementor-align-left elementor-widget elementor-widget-button\" data-id=\"64953d34\" data-element_type=\"widget\" data-widget_type=\"button.default\">\n\t\t\t\t<div class=\"elementor-widget-container\">\n\t\t\t\t\t\t\t\t\t<div class=\"elementor-button-wrapper\">\n\t\t\t\t\t<a class=\"elementor-button elementor-button-link elementor-size-sm\" href=\"https:\/\/www.consorziobocche.com\/fr\/excursions-en-bateau\/excursion-en-bateau-la-maddalena\/\">\n\t\t\t\t\t\t<span class=\"elementor-button-content-wrapper\">\n\t\t\t\t\t\t<span class=\"elementor-button-icon\">\n\t\t\t\t<svg aria-hidden=\"true\" class=\"e-font-icon-svg e-fas-link\" viewbox=\"0 0 512 512\" xmlns=\"http:\/\/www.w3.org\/2000\/svg\"><path d=\"M326.612 185.391c59.747 59.809 58.927 155.698.36 214.59-.11.12-.24.25-.36.37l-67.2 67.2c-59.27 59.27-155.699 59.262-214.96 0-59.27-59.26-59.27-155.7 0-214.96l37.106-37.106c9.84-9.84 26.786-3.3 27.294 10.606.648 17.722 3.826 35.527 9.69 52.721 1.986 5.822.567 12.262-3.783 16.612l-13.087 13.087c-28.026 28.026-28.905 73.66-1.155 101.96 28.024 28.579 74.086 28.749 102.325.51l67.2-67.19c28.191-28.191 28.073-73.757 0-101.83-3.701-3.694-7.429-6.564-10.341-8.569a16.037 16.037 0 0 1-6.947-12.606c-.396-10.567 3.348-21.456 11.698-29.806l21.054-21.055c5.521-5.521 14.182-6.199 20.584-1.731a152.482 152.482 0 0 1 20.522 17.197zM467.547 44.449c-59.261-59.262-155.69-59.27-214.96 0l-67.2 67.2c-.12.12-.25.25-.36.37-58.566 58.892-59.387 154.781.36 214.59a152.454 152.454 0 0 0 20.521 17.196c6.402 4.468 15.064 3.789 20.584-1.731l21.054-21.055c8.35-8.35 12.094-19.239 11.698-29.806a16.037 16.037 0 0 0-6.947-12.606c-2.912-2.005-6.64-4.875-10.341-8.569-28.073-28.073-28.191-73.639 0-101.83l67.2-67.19c28.239-28.239 74.3-28.069 102.325.51 27.75 28.3 26.872 73.934-1.155 101.96l-13.087 13.087c-4.35 4.35-5.769 10.79-3.783 16.612 5.864 17.194 9.042 34.999 9.69 52.721.509 13.906 17.454 20.446 27.294 10.606l37.106-37.106c59.271-59.259 59.271-155.699.001-214.959z\"><\/path><\/svg>\t\t\t<\/span>\n\t\t\t\t\t\t\t\t\t<span class=\"elementor-button-text\">voir les excursions \u00e0 La Maddalena<\/span>\n\t\t\t\t\t<\/span>\n\t\t\t\t\t<\/a>\n\t\t\t\t<\/div>\n\t\t\t\t\t\t\t\t<\/div>\n\t\t\t\t<\/div>\n\t\t\t\t\t<\/div>\n\t\t<\/div>\n\t\t\t\t\t<\/div>\n\t\t<\/section>\n\t\t\t\t<\/div>","protected":false},"excerpt":{"rendered":"<p>Cette ann\u00e9e encore, de nombreuses plages de Sardaigne ont obtenu le drapeau bleu. D\u00e9couvrez ce qu'elles sont et comment y acc\u00e9der.<\/p>","protected":false},"author":1,"featured_media":0,"comment_status":"open","ping_status":"open","sticky":false,"template":"","format":"standard","meta":{"footnotes":""},"categories":[1],"tags":[],"class_list":["post-130","post","type-post","status-publish","format-standard","hentry","category-blog"],"_links":{"self":[{"href":"https:\/\/www.consorziobocche.com\/fr\/wp-json\/wp\/v2\/posts\/130","targetHints":{"allow":["GET"]}}],"collection":[{"href":"https:\/\/www.consorziobocche.com\/fr\/wp-json\/wp\/v2\/posts"}],"about":[{"href":"https:\/\/www.consorziobocche.com\/fr\/wp-json\/wp\/v2\/types\/post"}],"author":[{"embeddable":true,"href":"https:\/\/www.consorziobocche.com\/fr\/wp-json\/wp\/v2\/users\/1"}],"replies":[{"embeddable":true,"href":"https:\/\/www.consorziobocche.com\/fr\/wp-json\/wp\/v2\/comments?post=130"}],"version-history":[{"count":0,"href":"https:\/\/www.consorziobocche.com\/fr\/wp-json\/wp\/v2\/posts\/130\/revisions"}],"wp:attachment":[{"href":"https:\/\/www.consorziobocche.com\/fr\/wp-json\/wp\/v2\/media?parent=130"}],"wp:term":[{"taxonomy":"category","embeddable":true,"href":"https:\/\/www.consorziobocche.com\/fr\/wp-json\/wp\/v2\/categories?post=130"},{"taxonomy":"post_tag","embeddable":true,"href":"https:\/\/www.consorziobocche.com\/fr\/wp-json\/wp\/v2\/tags?post=130"}],"curies":[{"name":"wp","href":"https:\/\/api.w.org\/{rel}","templated":true}]}}