{"id":151,"date":"2024-12-05T09:20:52","date_gmt":"2024-12-05T09:20:52","guid":{"rendered":"https:\/\/consorziobocche.com\/la-valle-della-luna-di-santa-teresa-gallura\/"},"modified":"2024-12-18T09:52:26","modified_gmt":"2024-12-18T09:52:26","slug":"el-valle-lunar-de-santa-teresa-gallura","status":"publish","type":"post","link":"https:\/\/www.consorziobocche.com\/es\/el-valle-lunar-de-santa-teresa-gallura\/","title":{"rendered":"La Valle Della Luna Di Santa Teresa Gallura"},"content":{"rendered":"<div data-elementor-type=\"wp-post\" data-elementor-id=\"151\" class=\"elementor elementor-151\" data-elementor-post-type=\"post\">\n\t\t\t\t<div class=\"elementor-element elementor-element-bbc57c8 e-flex e-con-boxed e-con e-parent\" data-id=\"bbc57c8\" data-element_type=\"container\" data-settings=\"{&quot;jet_parallax_layout_list&quot;:[]}\">\n\t\t\t\t\t<div class=\"e-con-inner\">\n\t\t<div class=\"elementor-element elementor-element-d78f49f e-con-full e-flex e-con e-child\" data-id=\"d78f49f\" data-element_type=\"container\" data-settings=\"{&quot;jet_parallax_layout_list&quot;:[]}\">\n\t\t\t\t<div class=\"elementor-element elementor-element-6b93ac0 elementor-widget elementor-widget-heading\" data-id=\"6b93ac0\" data-element_type=\"widget\" id=\"affascinante-e-meravigliosa\" data-widget_type=\"heading.default\">\n\t\t\t\t<div class=\"elementor-widget-container\">\n\t\t\t\t\t<h2 class=\"elementor-heading-title elementor-size-default\">Valle de la Luna: fascinante y maravilloso<\/h2>\t\t\t\t<\/div>\n\t\t\t\t<\/div>\n\t\t\t\t<div class=\"elementor-element elementor-element-cd5816e elementor-widget elementor-widget-text-editor\" data-id=\"cd5816e\" data-element_type=\"widget\" data-widget_type=\"text-editor.default\">\n\t\t\t\t<div class=\"elementor-widget-container\">\n\t\t\t\t\t\t\t\t\t<p>Cala Grande: el Valle de la Luna en Santa Teresa es una maravilla \u00fanica. Es una zona caracterizada por <strong>formaciones rocosas de granito<\/strong> formas evocadoras creadas por la erosi\u00f3n del viento y el agua, que dan al paisaje un aspecto similar al de la superficie lunar.<\/p><p>Cerde\u00f1a es una tierra que ofrece muchas bellezas naturales y el Valle della Luna es sin duda una de ellas. Este encantador lugar se encuentra <strong>en la costa noroeste<\/strong> de la isla y debe su nombre a las formaciones rocosas que la caracterizan y que parecen evocar la imagen de nuestro sat\u00e9lite.<\/p>\t\t\t\t\t\t\t\t<\/div>\n\t\t\t\t<\/div>\n\t\t\t\t<\/div>\n\t\t\t\t\t<\/div>\n\t\t\t\t<\/div>\n\t\t<div class=\"elementor-element elementor-element-44a00cd e-flex e-con-boxed e-con e-parent\" data-id=\"44a00cd\" data-element_type=\"container\" data-settings=\"{&quot;jet_parallax_layout_list&quot;:[]}\">\n\t\t\t\t\t<div class=\"e-con-inner\">\n\t\t<div class=\"elementor-element elementor-element-d1e4d64 e-con-full e-flex e-con e-child\" data-id=\"d1e4d64\" data-element_type=\"container\" data-settings=\"{&quot;jet_parallax_layout_list&quot;:[]}\">\n\t\t\t\t<div class=\"elementor-element elementor-element-9ce04c1 elementor-widget elementor-widget-heading\" data-id=\"9ce04c1\" data-element_type=\"widget\" id=\"dove-si-trova\" data-widget_type=\"heading.default\">\n\t\t\t\t<div class=\"elementor-widget-container\">\n\t\t\t\t\t<h2 class=\"elementor-heading-title elementor-size-default\">D\u00f3nde est\u00e1 el Valle de la Luna<\/h2>\t\t\t\t<\/div>\n\t\t\t\t<\/div>\n\t\t\t\t<div class=\"elementor-element elementor-element-8dc7598 elementor-widget elementor-widget-text-editor\" data-id=\"8dc7598\" data-element_type=\"widget\" data-widget_type=\"text-editor.default\">\n\t\t\t\t<div class=\"elementor-widget-container\">\n\t\t\t\t\t\t\t\t\t<p>El Valle della Luna se encuentra en el municipio de Santa Teresa Gallura, en la provincia de Sassari, y es f\u00e1cilmente accesible en coche. El valle est\u00e1 situado en la <strong>cabo de Capo Testa<\/strong>despu\u00e9s de la bah\u00eda de Santa Reparata.<\/p><p>Una vez en el lugar, uno queda inmediatamente impresionado por la <strong>belleza y encanto del entorno<\/strong> entorno: uno se enfrenta a un paisaje lunar de rocas de formas extra\u00f1as y colores que van del ocre al rojo.<\/p><p>Cerca tambi\u00e9n est\u00e1 el <strong>Faro del Cabo Testa<\/strong> que ofrece una espl\u00e9ndida vista del Bocche di Bonifacio.<\/p>\t\t\t\t\t\t\t\t<\/div>\n\t\t\t\t<\/div>\n\t\t\t\t<\/div>\n\t\t\t\t\t<\/div>\n\t\t\t\t<\/div>\n\t\t<div class=\"elementor-element elementor-element-fa7a8c3 e-flex e-con-boxed e-con e-parent\" data-id=\"fa7a8c3\" data-element_type=\"container\" data-settings=\"{&quot;jet_parallax_layout_list&quot;:[]}\">\n\t\t\t\t\t<div class=\"e-con-inner\">\n\t\t<div class=\"elementor-element elementor-element-81e2421 e-con-full e-flex e-con e-child\" data-id=\"81e2421\" data-element_type=\"container\" data-settings=\"{&quot;jet_parallax_layout_list&quot;:[]}\">\n\t\t\t\t<div class=\"elementor-element elementor-element-7b3c8c0 elementor-widget elementor-widget-heading\" data-id=\"7b3c8c0\" data-element_type=\"widget\" id=\"fotografie-valle-della-luna\" data-widget_type=\"heading.default\">\n\t\t\t\t<div class=\"elementor-widget-container\">\n\t\t\t\t\t<h2 class=\"elementor-heading-title elementor-size-default\">Fotograf\u00edas del Valle de la Luna<\/h2>\t\t\t\t<\/div>\n\t\t\t\t<\/div>\n\t\t\t\t<div class=\"elementor-element elementor-element-093421e elementor-arrows-position-inside elementor-pagination-position-outside elementor-widget elementor-widget-image-carousel\" data-id=\"093421e\" data-element_type=\"widget\" data-settings=\"{&quot;slides_to_show_mobile&quot;:&quot;1&quot;,&quot;slides_to_show&quot;:&quot;1&quot;,&quot;navigation&quot;:&quot;both&quot;,&quot;autoplay&quot;:&quot;yes&quot;,&quot;pause_on_hover&quot;:&quot;yes&quot;,&quot;pause_on_interaction&quot;:&quot;yes&quot;,&quot;autoplay_speed&quot;:5000,&quot;infinite&quot;:&quot;yes&quot;,&quot;effect&quot;:&quot;slide&quot;,&quot;speed&quot;:500}\" data-widget_type=\"image-carousel.default\">\n\t\t\t\t<div class=\"elementor-widget-container\">\n\t\t\t\t\t\t\t<div class=\"elementor-image-carousel-wrapper swiper\" role=\"region\" aria-roledescription=\"carousel\" aria-label=\"Carrusel de im\u00e1genes\" dir=\"ltr\">\n\t\t\t<div class=\"elementor-image-carousel swiper-wrapper\" aria-live=\"off\">\n\t\t\t\t\t\t\t\t<div class=\"swiper-slide\" role=\"group\" aria-roledescription=\"slide\" aria-label=\"1 de 3\"><a data-elementor-open-lightbox=\"yes\" data-elementor-lightbox-slideshow=\"093421e\" data-elementor-lightbox-title=\"Valle-della-Luna-al-tramonto.jpg\" data-e-action-hash=\"#elementor-action%3Aaction%3Dlightbox%26settings%3DeyJpZCI6MTUyLCJ1cmwiOiJodHRwczpcL1wvd3d3LmNvbnNvcnppb2JvY2NoZS5jb21cL3dwLWNvbnRlbnRcL3VwbG9hZHNcLzIwMjRcLzEyXC9WYWxsZS1kZWxsYS1MdW5hLWFsLXRyYW1vbnRvLmpwZyIsInNsaWRlc2hvdyI6IjA5MzQyMWUifQ%3D%3D\" href=\"https:\/\/www.consorziobocche.com\/wp-content\/uploads\/2024\/12\/Valle-della-Luna-al-tramonto.jpg\"><figure class=\"swiper-slide-inner\"><img decoding=\"async\" class=\"swiper-slide-image\" src=\"https:\/\/www.consorziobocche.com\/wp-content\/uploads\/2024\/12\/Valle-della-Luna-al-tramonto-1024x759.jpg\" alt=\"Valle-della-Luna-al-tramonto.jpg\" title=\"\"><\/figure><\/a><\/div><div class=\"swiper-slide\" role=\"group\" aria-roledescription=\"slide\" aria-label=\"2 de 3\"><a data-elementor-open-lightbox=\"yes\" data-elementor-lightbox-slideshow=\"093421e\" data-elementor-lightbox-title=\"Valle-della-Luna-spiaggia.jpg\" data-e-action-hash=\"#elementor-action%3Aaction%3Dlightbox%26settings%3DeyJpZCI6MTUzLCJ1cmwiOiJodHRwczpcL1wvd3d3LmNvbnNvcnppb2JvY2NoZS5jb21cL3dwLWNvbnRlbnRcL3VwbG9hZHNcLzIwMjRcLzEyXC9WYWxsZS1kZWxsYS1MdW5hLXNwaWFnZ2lhLmpwZyIsInNsaWRlc2hvdyI6IjA5MzQyMWUifQ%3D%3D\" href=\"https:\/\/www.consorziobocche.com\/wp-content\/uploads\/2024\/12\/Valle-della-Luna-spiaggia.jpg\"><figure class=\"swiper-slide-inner\"><img decoding=\"async\" class=\"swiper-slide-image\" src=\"https:\/\/www.consorziobocche.com\/wp-content\/uploads\/2024\/12\/Valle-della-Luna-spiaggia-1024x678.jpg\" alt=\"Valle-della-Luna-spiaggia.jpg\" title=\"\"><\/figure><\/a><\/div><div class=\"swiper-slide\" role=\"group\" aria-roledescription=\"slide\" aria-label=\"3 de 3\"><a data-elementor-open-lightbox=\"yes\" data-elementor-lightbox-slideshow=\"093421e\" data-elementor-lightbox-title=\"Valle-della-Luna-prato-e-spiaggia.jpg\" data-e-action-hash=\"#elementor-action%3Aaction%3Dlightbox%26settings%3DeyJpZCI6MTU0LCJ1cmwiOiJodHRwczpcL1wvd3d3LmNvbnNvcnppb2JvY2NoZS5jb21cL3dwLWNvbnRlbnRcL3VwbG9hZHNcLzIwMjRcLzEyXC9WYWxsZS1kZWxsYS1MdW5hLXByYXRvLWUtc3BpYWdnaWEuanBnIiwic2xpZGVzaG93IjoiMDkzNDIxZSJ9\" href=\"https:\/\/www.consorziobocche.com\/wp-content\/uploads\/2024\/12\/Valle-della-Luna-prato-e-spiaggia.jpg\"><figure class=\"swiper-slide-inner\"><img decoding=\"async\" class=\"swiper-slide-image\" src=\"https:\/\/www.consorziobocche.com\/wp-content\/uploads\/2024\/12\/Valle-della-Luna-prato-e-spiaggia-1024x678.jpg\" alt=\"Valle-della-Luna-prato-e-spiaggia.jpg\" title=\"\"><\/figure><\/a><\/div>\t\t\t<\/div>\n\t\t\t\t\t\t\t\t\t\t\t\t<div class=\"elementor-swiper-button elementor-swiper-button-prev\" role=\"button\" tabindex=\"0\">\n\t\t\t\t\t\t<svg aria-hidden=\"true\" class=\"e-font-icon-svg e-eicon-chevron-left\" viewbox=\"0 0 1000 1000\" xmlns=\"http:\/\/www.w3.org\/2000\/svg\"><path d=\"M646 125C629 125 613 133 604 142L308 442C296 454 292 471 292 487 292 504 296 521 308 533L604 854C617 867 629 875 646 875 663 875 679 871 692 858 704 846 713 829 713 812 713 796 708 779 692 767L438 487 692 225C700 217 708 204 708 187 708 171 704 154 692 142 675 129 663 125 646 125Z\"><\/path><\/svg>\t\t\t\t\t<\/div>\n\t\t\t\t\t<div class=\"elementor-swiper-button elementor-swiper-button-next\" role=\"button\" tabindex=\"0\">\n\t\t\t\t\t\t<svg aria-hidden=\"true\" class=\"e-font-icon-svg e-eicon-chevron-right\" viewbox=\"0 0 1000 1000\" xmlns=\"http:\/\/www.w3.org\/2000\/svg\"><path d=\"M696 533C708 521 713 504 713 487 713 471 708 454 696 446L400 146C388 133 375 125 354 125 338 125 325 129 313 142 300 154 292 171 292 187 292 204 296 221 308 233L563 492 304 771C292 783 288 800 288 817 288 833 296 850 308 863 321 871 338 875 354 875 371 875 388 867 400 854L696 533Z\"><\/path><\/svg>\t\t\t\t\t<\/div>\n\t\t\t\t\n\t\t\t\t\t\t\t\t\t<div class=\"swiper-pagination\"><\/div>\n\t\t\t\t\t\t\t\t\t<\/div>\n\t\t\t\t\t\t<\/div>\n\t\t\t\t<\/div>\n\t\t\t\t<\/div>\n\t\t\t\t\t<\/div>\n\t\t\t\t<\/div>\n\t\t<div class=\"elementor-element elementor-element-466284b e-flex e-con-boxed e-con e-parent\" data-id=\"466284b\" data-element_type=\"container\" data-settings=\"{&quot;jet_parallax_layout_list&quot;:[]}\">\n\t\t\t\t\t<div class=\"e-con-inner\">\n\t\t<div class=\"elementor-element elementor-element-ecf6b8f e-con-full e-flex e-con e-child\" data-id=\"ecf6b8f\" data-element_type=\"container\" data-settings=\"{&quot;jet_parallax_layout_list&quot;:[]}\">\n\t\t\t\t<div class=\"elementor-element elementor-element-316ff73 elementor-widget elementor-widget-heading\" data-id=\"316ff73\" data-element_type=\"widget\" id=\"rocce-disegnate-dal-vento\" data-widget_type=\"heading.default\">\n\t\t\t\t<div class=\"elementor-widget-container\">\n\t\t\t\t\t<h2 class=\"elementor-heading-title elementor-size-default\">Rocas arrastradas por el viento y el agua<\/h2>\t\t\t\t<\/div>\n\t\t\t\t<\/div>\n\t\t\t\t<div class=\"elementor-element elementor-element-bd3f5cc elementor-widget elementor-widget-text-editor\" data-id=\"bd3f5cc\" data-element_type=\"widget\" data-widget_type=\"text-editor.default\">\n\t\t\t\t<div class=\"elementor-widget-container\">\n\t\t\t\t\t\t\t\t\t<p>Las formaciones rocosas del Valle de la Luna son el resultado de la acci\u00f3n del viento y el agua, que han erosionado las paredes de las rocas y creado verdaderas obras maestras de la naturaleza. En concreto, las rocas del valle est\u00e1n compuestas principalmente de granito, un material muy resistente que ha permitido crear formas espectaculares y llamativas.<\/p><p>Uno de los lugares m\u00e1s fascinantes del Valle de la Luna es sin duda la playa, una peque\u00f1a cala enclavada entre las rocas y con un mar cristalino. A la playa s\u00f3lo se puede acceder a pie, pero el corto paseo que hay que dar para llegar merece ampliamente la pena. De hecho, se atraviesa un sendero que bordea las rocas y ofrece una impresionante vista panor\u00e1mica del mar.<\/p>\t\t\t\t\t\t\t\t<\/div>\n\t\t\t\t<\/div>\n\t\t\t\t<\/div>\n\t\t\t\t\t<\/div>\n\t\t\t\t<\/div>\n\t\t<div class=\"elementor-element elementor-element-6ba0860 e-flex e-con-boxed e-con e-parent\" data-id=\"6ba0860\" data-element_type=\"container\" data-settings=\"{&quot;jet_parallax_layout_list&quot;:[]}\">\n\t\t\t\t\t<div class=\"e-con-inner\">\n\t\t<div class=\"elementor-element elementor-element-2824d54 e-con-full e-flex e-con e-child\" data-id=\"2824d54\" data-element_type=\"container\" data-settings=\"{&quot;jet_parallax_layout_list&quot;:[]}\">\n\t\t\t\t<div class=\"elementor-element elementor-element-cc06371 elementor-widget elementor-widget-heading\" data-id=\"cc06371\" data-element_type=\"widget\" id=\"posto-indimenticabile\" data-widget_type=\"heading.default\">\n\t\t\t\t<div class=\"elementor-widget-container\">\n\t\t\t\t\t<h2 class=\"elementor-heading-title elementor-size-default\">Un lugar inolvidable<\/h2>\t\t\t\t<\/div>\n\t\t\t\t<\/div>\n\t\t\t\t<div class=\"elementor-element elementor-element-074cf3c elementor-widget elementor-widget-text-editor\" data-id=\"074cf3c\" data-element_type=\"widget\" data-widget_type=\"text-editor.default\">\n\t\t\t\t<div class=\"elementor-widget-container\">\n\t\t\t\t\t\t\t\t\t<p>El Valle de la Luna es un lugar perfecto para los amantes del <strong>naturaleza y tranquilidad<\/strong>pero tambi\u00e9n para los que buscan un poco de aventura. De hecho, es posible dar maravillosos paseos entre los tafoni.<\/p><p>En cualquier caso, el Valle de la Luna merece sin duda una visita durante un viaje a Cerde\u00f1a. Su belleza \u00fanica y su sugerente atm\u00f3sfera dejar\u00e1n una huella imborrable en tu memoria y har\u00e1n que te enamores a\u00fan m\u00e1s de esta tierra.<\/p>\t\t\t\t\t\t\t\t<\/div>\n\t\t\t\t<\/div>\n\t\t\t\t<\/div>\n\t\t\t\t\t<\/div>\n\t\t\t\t<\/div>\n\t\t<div class=\"elementor-element elementor-element-5838221 e-flex e-con-boxed e-con e-parent\" data-id=\"5838221\" data-element_type=\"container\" data-settings=\"{&quot;jet_parallax_layout_list&quot;:[]}\">\n\t\t\t\t\t<div class=\"e-con-inner\">\n\t\t<div class=\"elementor-element elementor-element-412588a e-con-full e-flex e-con e-child\" data-id=\"412588a\" data-element_type=\"container\" data-settings=\"{&quot;jet_parallax_layout_list&quot;:[]}\">\n\t\t\t\t<div class=\"elementor-element elementor-element-3b11164 elementor-widget elementor-widget-heading\" data-id=\"3b11164\" data-element_type=\"widget\" id=\"escursioni-in-barca-a-santa-teresa\" data-widget_type=\"heading.default\">\n\t\t\t\t<div class=\"elementor-widget-container\">\n\t\t\t\t\t<h3 class=\"elementor-heading-title elementor-size-default\">Excursiones en barco por Santa Teresa<\/h3>\t\t\t\t<\/div>\n\t\t\t\t<\/div>\n\t\t\t\t<div class=\"elementor-element elementor-element-15c5b8d elementor-widget elementor-widget-text-editor\" data-id=\"15c5b8d\" data-element_type=\"widget\" data-widget_type=\"text-editor.default\">\n\t\t\t\t<div class=\"elementor-widget-container\">\n\t\t\t\t\t\t\t\t\t<p>Estos son s\u00f3lo algunos de los lugares que ver en Santa Teresa Gallura. La zona ofrece muchos otros atractivos naturales, hist\u00f3ricos y culturales que merece la pena descubrir.<\/p>\t\t\t\t\t\t\t\t<\/div>\n\t\t\t\t<\/div>\n\t\t\t\t<\/div>\n\t\t\t\t\t<\/div>\n\t\t\t\t<\/div>\n\t\t\t\t<\/div>","protected":false},"excerpt":{"rendered":"<p>Valle della Luna est\u00e1 situado en la regi\u00f3n de Cerde\u00f1a, en la provincia de Sassari, concretamente en el municipio de Santa Teresa Gallura.<\/p>","protected":false},"author":1,"featured_media":2120,"comment_status":"closed","ping_status":"closed","sticky":false,"template":"","format":"standard","meta":{"footnotes":""},"categories":[1],"tags":[],"class_list":["post-151","post","type-post","status-publish","format-standard","has-post-thumbnail","hentry","category-blog"],"_links":{"self":[{"href":"https:\/\/www.consorziobocche.com\/es\/wp-json\/wp\/v2\/posts\/151","targetHints":{"allow":["GET"]}}],"collection":[{"href":"https:\/\/www.consorziobocche.com\/es\/wp-json\/wp\/v2\/posts"}],"about":[{"href":"https:\/\/www.consorziobocche.com\/es\/wp-json\/wp\/v2\/types\/post"}],"author":[{"embeddable":true,"href":"https:\/\/www.consorziobocche.com\/es\/wp-json\/wp\/v2\/users\/1"}],"replies":[{"embeddable":true,"href":"https:\/\/www.consorziobocche.com\/es\/wp-json\/wp\/v2\/comments?post=151"}],"version-history":[{"count":0,"href":"https:\/\/www.consorziobocche.com\/es\/wp-json\/wp\/v2\/posts\/151\/revisions"}],"wp:featuredmedia":[{"embeddable":true,"href":"https:\/\/www.consorziobocche.com\/es\/wp-json\/wp\/v2\/media\/2120"}],"wp:attachment":[{"href":"https:\/\/www.consorziobocche.com\/es\/wp-json\/wp\/v2\/media?parent=151"}],"wp:term":[{"taxonomy":"category","embeddable":true,"href":"https:\/\/www.consorziobocche.com\/es\/wp-json\/wp\/v2\/categories?post=151"},{"taxonomy":"post_tag","embeddable":true,"href":"https:\/\/www.consorziobocche.com\/es\/wp-json\/wp\/v2\/tags?post=151"}],"curies":[{"name":"wp","href":"https:\/\/api.w.org\/{rel}","templated":true}]}}